{"id":683,"date":"2015-03-13T19:11:43","date_gmt":"2015-03-13T19:11:43","guid":{"rendered":"https:\/\/tsisl.magicalwebstudio.com\/index.php\/2015\/03\/13\/la-naval-de-sestao-vuelve-a-confiar-en-tsi\/"},"modified":"2022-02-24T11:01:27","modified_gmt":"2022-02-24T10:01:27","slug":"la-naval-de-sestao-vuelve-a-confiar-en-tsi","status":"publish","type":"post","link":"https:\/\/tsisl.es\/es\/2015\/03\/la-naval-de-sestao-vuelve-a-confiar-en-tsi\/","title":{"rendered":"CIDIN2015- 4\u00ba CONGRESO INTERNACIONAL DE DISE\u00d1O E INGENIER\u00cdA NAVAL. Destacada participaci\u00f3n de la Armada Espa\u00f1ola y del Sector Mar\u00edtimo Espa\u00f1ol."},"content":{"rendered":"<p>Organizado por <strong>COTECMAR<\/strong> y dentro del marco de la Feria de <strong>COLOMBIAMAR2015<\/strong>, entre los d\u00edas <strong><em>11 al 13 de Marzo de 2015 <\/em><\/strong>ha tenido lugar, en <\/p>\n<div style=\"text-align: justify;\" data-canvas-width=\"139.01439999999997\">  <a href=\"https:\/\/tsisl.es\/87\"><img loading=\"lazy\" decoding=\"async\" class=\" wp-image-11140 alignleft\" src=\"https:\/\/tsisl.es\/87\" alt=\"Participacion en TSI en CIDIN 2015\" width=\"115\" height=\"153\" \/><\/a>el inigualable escenario de la ciudad de Cartagena de Indias (Colombia), el <strong>4\u00ba Congreso Internacional de Dise\u00f1o e Ingenier\u00eda Naval CIDIN2015<\/strong> que ha contado con la participaci\u00f3n de un selecto grupo de compa\u00f1\u00edas nacionales e internacionales. Entre las empresas extranjeras participantes ha sido destacable la participaci\u00f3n, tanto en los aspectos acad\u00e9micos como en la Exposici\u00f3n, de un selecto grupo de empresas espa\u00f1olas representativas del Sector Mar\u00edtimo Espa\u00f1ol as\u00ed como de la Armada Espa\u00f1ola.  La representaci\u00f3n empresarial espa\u00f1ola de expositores, m\u00e1s amplia que en las ediciones precedentes, ha contado con la participaci\u00f3n de <strong><em>SIKA<\/em><\/strong>, representada por su Corporate Market Field Manager Marine <em>D. Oscar Ovejero<\/em>, del <strong><em>BUREAU VERITAS Espa\u00f1a<\/em><\/strong>, representada por su Director Principal <em>D. Luis Guerrero<\/em>; de <strong><em>FRIZONIA,<\/em><\/strong> <strong><em>FERNANDEZ JOVE, <\/em>GABADI, ASTILLEROS CARDAMA<\/strong>, representada por su Director General D. Mario Cardama y de <strong>SHOTEL<\/strong>, representada por D. Emilio Costoso.  Tanto la Feria como el Congreso han tenido como escenario el Centro de Convenciones y Exposiciones <em>\u201cJulio Cesar Turbay Ayala\u201d<\/em> de Cartagena de Indias. Los objetivos de la feria son el buscar y contribuir a la integraci\u00f3n empresarial del sector de la construcci\u00f3n y reparaci\u00f3n naval a un mercado \u00e1vido de desarrollo y crecimiento, en la regi\u00f3n del Caribe Latinoamericano, facilitando oportunidades de negocios para los principales fabricantes, representantes, empresarios y distribuidores nacionales e internacionales de bienes y\/o servicios relacionados con la industria.<a href=\"https:\/\/tsisl.es\/88\"><img loading=\"lazy\" decoding=\"async\" class=\" wp-image-11142 alignright\" src=\"https:\/\/tsisl.es\/88\" alt=\"Participacion de TSI en CIDIN 2015\" width=\"179\" height=\"135\" \/><\/a>  Con tal finalidad se han dado cita en este evento un selecto grupo de compa\u00f1\u00edas Nacionales e Internacionales dedicadas a la construcci\u00f3n, dise\u00f1o y reparaci\u00f3n del sector Naval, Mar\u00edtimo, Fluvial, con el prop\u00f3sito de generar sinergias a trav\u00e9s de la apropiaci\u00f3n de conocimientos, contribuyendo al desarrollo de los intereses mar\u00edtimos del pa\u00eds.  Paralelo a la Feria se desarroll\u00f3, en el marco Acad\u00e9mico, el <strong><em>IV Congreso\u00a0Internacional de Dise\u00f1o e Ingenier\u00eda Naval \u201cCIDIN 2015\u2033<\/em><\/strong> evento de divulgaci\u00f3n cient\u00edfica de periodicidad bianual donde su misi\u00f3n es servir de espacio para el encuentro de profesionales dedicados a la investigaci\u00f3n, el desarrollo y la innovaci\u00f3n en temas afines a la Arquitectura e Ingenier\u00eda Naval, con el objetivo de divulgar los resultados de trabajos de car\u00e1cter cient\u00edfico realizados en estas \u00e1reas y, de esta forma, promover la industria naval, mar\u00edtima y fluvial en Colombia.  Con el <strong><em>Objetivo<\/em><\/strong> de impulsar el desarrollo de la industria naval, mar\u00edtima y fluvial en un espacio de orden acad\u00e9mico, cient\u00edfico y tecnol\u00f3gico y comercial, que permita la promoci\u00f3n de productos y servicios de la industria y la creaci\u00f3n y fortalecimiento de nexos comerciales entre los participantes, en la presente edici\u00f3n del Congreso se han definido cuatro grandes ejes tem\u00e1ticos para la presentaci\u00f3n de trabajos: Dise\u00f1o, Din\u00e1mica y Estructuras, Buques, Ingenier\u00eda Naval y Offshore.  De la importancia estrat\u00e9gica que Colombia pretende para su sector mar\u00edtimo en los pr\u00f3ximos veinte a\u00f1os, da buena cuenta la presencia, en la <a href=\"https:\/\/tsisl.es\/89\"><img loading=\"lazy\" decoding=\"async\" class=\" wp-image-11144 alignleft\" src=\"https:\/\/tsisl.es\/89\" alt=\"Participacion de TSI en CIDIN 2015\" width=\"196\" height=\"146\" \/><\/a>inauguraci\u00f3n del Congreso, del Excelent\u00edsimo Sr. Presidente de la Republica <strong><em>Dr. Jos\u00e9 Santos Calderon<\/em><\/strong> y de toda la alta Jefatura de las Fuerzas Armadas Colombianas. En su brillante discurso inaugural, y tras reconocer que Colombia con 2.900 de costa en dos Oc\u00e9anos y m\u00e1s de 14.000 Km de r\u00edos navegables, hab\u00eda dado su espalda al mar, destac\u00f3 el importante papel que la Armada Colombiana est\u00e1 desarrollando en la lucha contra el narcotr\u00e1fico y, en consecuencia, en la consolidaci\u00f3n del pa\u00eds. \u00a0Tras enfatizar la importancia del futuro PES-Plan Estrat\u00e9gico de Superficie, ya destacada en la edici\u00f3n anterior por su Ministro de Defensa, Sr. Pinz\u00f3n, dejo clara constancia de la voluntad de su Gobierno de convertir a Colombia en una potencia mar\u00edtima del Cono Sur.  Dentro del marco de la Ceremonia de Inauguraci\u00f3n, y como un claro ejemplo de la consolidaci\u00f3n de las relaciones Colombia-Espa\u00f1a, ha sido un <a href=\"https:\/\/tsisl.es\/90\"><img loading=\"lazy\" decoding=\"async\" class=\"size-full wp-image-11146 alignleft\" src=\"https:\/\/tsisl.es\/90\" alt=\"Participacion de TSI en CIDIN 2015\" width=\"144\" height=\"214\" \/><\/a>gran honor ver por primera vez la presencia de la Armada Espa\u00f1ola representada por el Capit\u00e1n de Fragata <em>D. Jos\u00e9 Maria Riola<\/em>, quien present\u00f3 la charla magistral <em>\u201cCualidades Propulsivas de Buques de Guerra tipo Catamar\u00e1n\u201d.<\/em> Participaci\u00f3n reconocida con la entrega de una placa conmemorativa.  En el marco del Programa Acad\u00e9mico, la participaci\u00f3n espa\u00f1ola conto con: <em>D. Israel Lozano<\/em>, en representaci\u00f3n de <strong>NAVANTIA<\/strong>, quien presento la conferencia <em>\u201cApoyo de NAVANTIA al Ciclo de Vida\u201d; <\/em>con <em>D<\/em>. Antonio Fernandez Jove, en representaci\u00f3n de <strong>FERNANDEZ JOVE<\/strong>, a cuyo cargo estuvo la conferencia <em>\u201cControl remoto y Monitorizaci\u00f3n de V\u00e1lvulas\u201d.<\/em>  Por parte de <em>D. Publio Beltr\u00e1n Palomo<\/em> en representaci\u00f3n de <strong>TSI-T\u00e9cnicas y Servicios de Ingenier\u00eda, S.L.<\/strong>, se present\u00f3 la conferencia titulada <strong><em>\u201cReduction of Underwater Radiated Noise by Ships: New Shipbuilding challenge. The Vessels \u201cRam\u00f3n Margalef\u201d and \u201cAngeles Alvari\u00f1o\u201d as technological references of how to build civilian and navy silent ships\u201d\u201d. <\/em><\/strong>En la misma, y tras una introducci\u00f3n de las nuevas regulaciones y Directivas Comunitarias en lo referente al Ruido Radiado al Agua por los Buques, que est\u00e1n suponiendo significativas modificaciones en los dise\u00f1os de los buques, y en consecuencia en<a href=\"https:\/\/tsisl.es\/91\"><img loading=\"lazy\" decoding=\"async\" class=\"size-full wp-image-11148 alignright\" src=\"https:\/\/tsisl.es\/91\" alt=\"Participacion de TSI en CIDIN 2015\" width=\"205\" height=\"152\" \/><\/a> los precios de\u00a0 los mismos, se anunci\u00f3 el lanzamiento de la Notaci\u00f3n de Clase URN del <strong>BUREAU VERITAS<\/strong>, en la que TSI ha participado activamente, como soporte y apoyo a los Armadores sensibilizados con estos aspectos. Finalmente se presentaron los excelentes resultados obtenidos en los Buques de Investigaci\u00f3n Oceanogr\u00e1fica del <strong>IEO- Instituto Espa\u00f1ol de Oceanograf\u00eda <\/strong><em>\u201cRam\u00f3n Margalef\u201d<\/em> y <em>\u201c\u00c1ngeles Alvari\u00f1o<\/em> construidos por <strong>ASTILLEROS ARM\u00d3N<\/strong>, como resultado de la aplicaci\u00f3n de la Metodolog\u00eda <em>\u201cNOISE &amp; VIBRATION COMPREHENSIVE MANAGEMENT\u201d.<\/em> Los referidos buques han sido calificados como <em>\u201cReferentes Tecnol\u00f3gicos\u201d<\/em> de Buques Silenciosos por los Proyectos de Investigaci\u00f3n de la Comisi\u00f3n Europea \u201cSILENV\u201d y \u201cAQUO\u201d dentro del 7\u00ba Programa Marco.  Dentro de los objetivos del encuentro de fortalecimiento de los nexos de colaboraci\u00f3n entre participantes, TSI dada su dilatada presencia en este tipo de encuentros del CIDIN, ha fortalecido sus estrechas relaciones con <strong>SIMA-Per\u00fa<\/strong> y la <strong>Universidad Nacional de Lima<\/strong>, as\u00ed como servir de enlace entre la Marina de Guerra del Per\u00fa y la Armada Espa\u00f1ola.  <a href=\"https:\/\/tsisl.es\/92\"><img loading=\"lazy\" decoding=\"async\" class=\"size-medium wp-image-11150 aligncenter\" src=\"https:\/\/tsisl.es\/wp-content\/uploads\/2021\/08\/CIDIN6-300x83.jpg\" alt=\"Participacion de TSI en CIDIN 2015\" width=\"300\" height=\"83\" \/><\/a>  Por \u00faltimo, el acto de clausura del Congreso corri\u00f3 por cuenta del Contraalmirante <em>D. Jorge Carre\u00f1o<\/em>, Doctor por la Escuela T\u00e9cnica Superior de <a href=\"https:\/\/tsisl.es\/93\"><img loading=\"lazy\" decoding=\"async\" class=\" wp-image-11152 alignleft\" src=\"https:\/\/tsisl.es\/93\" alt=\"Participacion de TSI en CIDIN 2015\" width=\"88\" height=\"136\" \/><\/a>Ingenieros Navales, de la Universidad Polit\u00e9cnica de Madrid, querido y apreciado por toda la comunidad de Ingenieros Navales Espa\u00f1oles, y quien se ha caracterizado siempre por ser un excelente anfitri\u00f3n y por su cari\u00f1o y afecto con que recibe a los miembros de esa comunidad que le visitamos peri\u00f3dicamente. Prueba de ello, es que no tuvo inconvenientes en compartir amistosamente y posar con toda la <em>\u201cengallada espa\u00f1ola\u201d<\/em>, como se dice en estas latitudes.  Menci\u00f3n especial en el <strong>4\u00ba Congreso Internacional de Dise\u00f1o e Ingenier\u00eda Naval<\/strong> ha merecido la excel<a href=\"https:\/\/tsisl.es\/94\"><img loading=\"lazy\" decoding=\"async\" class=\" wp-image-11154 alignright\" src=\"https:\/\/tsisl.es\/94\" alt=\"Participacion de TSI en CIDIN 2015 \" width=\"143\" height=\"107\" \/><\/a>ente aceptaci\u00f3n y acogida con la que se ha recibido a la delegaci\u00f3n de empresas e instituciones espa\u00f1olas. Se pone as\u00ed de manifiesto la gran importancia de que en Sector Mar\u00edtimo Espa\u00f1ol, con su dilatada experiencia, est\u00e9 presente en esta serie de eventos que permitir\u00e1n, sin lugar a dudas, establecer v\u00ednculos m\u00e1s estrechos de colaboraci\u00f3n con los pa\u00edses latinoamericanos en los que la Construcci\u00f3n Naval, actualmente, est\u00e1 mostrando claros s\u00edntomas de un crecimiento espectacular en los pr\u00f3ximos lustros.  <\/div>\n<span class=\"et_bloom_bottom_trigger\"><\/span>","protected":false},"excerpt":{"rendered":"<p>Organizado por COTECMAR y dentro del marco de la Feria de COLOMBIAMAR2015, entre los d\u00edas 11 al 13 de Marzo de 2015 ha tenido lugar, en el inigualable escenario de la ciudad de Cartagena de Indias (Colombia), el 4\u00ba Congreso Internacional de Dise\u00f1o e Ingenier\u00eda Naval CIDIN2015 que ha contado con la participaci\u00f3n de un [&hellip;]<\/p>\n","protected":false},"author":3,"featured_media":686,"comment_status":"open","ping_status":"closed","sticky":false,"template":"","format":"standard","meta":{"_et_pb_use_builder":"","_et_pb_old_content":"","_et_gb_content_width":"","footnotes":""},"categories":[15,9],"tags":[],"class_list":["post-683","post","type-post","status-publish","format-standard","has-post-thumbnail","hentry","category-naval","category-noticias"],"aioseo_notices":[],"_links":{"self":[{"href":"https:\/\/tsisl.es\/es\/wp-json\/wp\/v2\/posts\/683","targetHints":{"allow":["GET"]}}],"collection":[{"href":"https:\/\/tsisl.es\/es\/wp-json\/wp\/v2\/posts"}],"about":[{"href":"https:\/\/tsisl.es\/es\/wp-json\/wp\/v2\/types\/post"}],"author":[{"embeddable":true,"href":"https:\/\/tsisl.es\/es\/wp-json\/wp\/v2\/users\/3"}],"replies":[{"embeddable":true,"href":"https:\/\/tsisl.es\/es\/wp-json\/wp\/v2\/comments?post=683"}],"version-history":[{"count":1,"href":"https:\/\/tsisl.es\/es\/wp-json\/wp\/v2\/posts\/683\/revisions"}],"predecessor-version":[{"id":35385,"href":"https:\/\/tsisl.es\/es\/wp-json\/wp\/v2\/posts\/683\/revisions\/35385"}],"wp:featuredmedia":[{"embeddable":true,"href":"https:\/\/tsisl.es\/es\/wp-json\/wp\/v2\/media\/686"}],"wp:attachment":[{"href":"https:\/\/tsisl.es\/es\/wp-json\/wp\/v2\/media?parent=683"}],"wp:term":[{"taxonomy":"category","embeddable":true,"href":"https:\/\/tsisl.es\/es\/wp-json\/wp\/v2\/categories?post=683"},{"taxonomy":"post_tag","embeddable":true,"href":"https:\/\/tsisl.es\/es\/wp-json\/wp\/v2\/tags?post=683"}],"curies":[{"name":"wp","href":"https:\/\/api.w.org\/{rel}","templated":true}]}}