{"id":43749,"date":"2026-04-28T17:48:40","date_gmt":"2026-04-28T15:48:40","guid":{"rendered":"https:\/\/tsisl.es\/?p=43749"},"modified":"2026-04-28T17:52:13","modified_gmt":"2026-04-28T15:52:13","slug":"programa-de-jovenes-investigadores-2024","status":"publish","type":"post","link":"https:\/\/tsisl.es\/es\/2026\/04\/programa-de-jovenes-investigadores-2024\/","title":{"rendered":"TSI ha participado en el Programa de J\u00f3venes Investigadores 2024"},"content":{"rendered":"<p>[et_pb_section fb_built=\u00bb1&#8243; _builder_version=\u00bb4.16&#8243; da_disable_devices=\u00bboff|off|off\u00bb global_colors_info=\u00bb{}\u00bb da_is_popup=\u00bboff\u00bb da_exit_intent=\u00bboff\u00bb da_has_close=\u00bbon\u00bb da_alt_close=\u00bboff\u00bb da_dark_close=\u00bboff\u00bb da_not_modal=\u00bbon\u00bb da_is_singular=\u00bboff\u00bb da_with_loader=\u00bboff\u00bb da_has_shadow=\u00bbon\u00bb][et_pb_row _builder_version=\u00bb4.27.4&#8243; background_size=\u00bbinitial\u00bb background_position=\u00bbtop_left\u00bb background_repeat=\u00bbrepeat\u00bb custom_padding=\u00bb||7px|||\u00bb global_colors_info=\u00bb{}\u00bb][et_pb_column type=\u00bb4_4&#8243; _builder_version=\u00bb4.27.4&#8243; custom_padding=\u00bb|||\u00bb global_colors_info=\u00bb{}\u00bb custom_padding__hover=\u00bb|||\u00bb][et_pb_text _builder_version=\u00bb4.27.4&#8243; background_size=\u00bbinitial\u00bb background_position=\u00bbtop_left\u00bb background_repeat=\u00bbrepeat\u00bb text_orientation=\u00bbjustified\u00bb custom_padding=\u00bb||0px|||\u00bb inline_fonts=\u00bbAlbert Sans,Alef\u00bb global_colors_info=\u00bb{}\u00bb]<\/p>\n<h1 class=\"font-claude-response-body break-words whitespace-normal leading-[1.7]\"><\/h1>\n<h1><span style=\"color: #041e42; font-family: 'Albert Sans', Helvetica, Arial, Lucida, sans-serif; font-size: 24px;\">Programa de J\u00f3venes Investigadores 2024: TSI apuesta por el talento joven en ingenier\u00eda<\/span><strong><\/strong><\/h1>\n<p class=\"font-claude-response-body break-words whitespace-normal leading-[1.7]\"><span style=\"font-family: 'Albert Sans'; font-weight: normal;\">En TSI llevamos m\u00e1s de 40 a\u00f1os resolviendo algunos de los problemas t\u00e9cnicos m\u00e1s complejos en el \u00e1mbito de las vibraciones, el ruido y el mantenimiento industrial y naval. Pero la excelencia t\u00e9cnica no se sostiene sola: se construye, se transmite y se renueva. Por eso, este a\u00f1o hemos dado un paso m\u00e1s en nuestro compromiso con el futuro de la ingenier\u00eda en Espa\u00f1a.<\/span><\/p>\n<p class=\"font-claude-response-body break-words whitespace-normal leading-[1.7]\"><span style=\"font-family: 'Albert Sans'; font-weight: normal;\"><strong>TSI particip\u00f3 en el Programa de J\u00f3venes Investigadores 2024 de la Comunidad de Madrid<\/strong>, un programa promovido con el objetivo de facilitar la incorporaci\u00f3n de perfiles altamente cualificados al tejido empresarial y cient\u00edfico-tecnol\u00f3gico de la regi\u00f3n. Las contrataciones realizadas en el marco de este programa han sido financiadas con cargo a los fondos distribuidos por el Servicio P\u00fablico de Empleo Estatal.<\/span><\/p>\n<h3 class=\"text-text-100 mt-2 -mb-1 text-base font-bold\"><\/h3>\n<h3 class=\"text-text-100 mt-2 -mb-1 text-base font-bold\"><\/h3>\n<h3 class=\"text-text-100 mt-2 -mb-1 text-base font-bold\"><span style=\"font-family: 'Albert Sans';\">\u00bfQu\u00e9 significa esto para TSI?<\/span><\/h3>\n<p class=\"font-claude-response-body break-words whitespace-normal leading-[1.7]\"><span style=\"font-family: 'Albert Sans'; font-weight: normal;\">Para nosotros, esta iniciativa no es solo una oportunidad de crecimiento del equipo: es una declaraci\u00f3n de intenciones. Incorporar j\u00f3venes investigadores significa traer nuevas perspectivas a proyectos reales de alto nivel t\u00e9cnico, desde simulaciones por elementos finitos hasta sistemas de monitorizaci\u00f3n continua o an\u00e1lisis de vibraciones en entornos navales e industriales.<\/span><\/p>\n<p class=\"font-claude-response-body break-words whitespace-normal leading-[1.7]\"><span style=\"font-family: 'Albert Sans'; font-weight: normal;\">Los j\u00f3venes que se incorporan a TSI no hacen \u00abpr\u00e1cticas\u00bb: trabajan junto a ingenieros senior en proyectos con impacto directo en clientes como Navantia, Repsol, Iberdrola o Indra, entre muchos otros. Eso marca la diferencia.<\/span><\/p>\n<h3 class=\"text-text-100 mt-2 -mb-1 text-base font-bold\"><\/h3>\n<h3 class=\"text-text-100 mt-2 -mb-1 text-base font-bold\"><\/h3>\n<h3 class=\"text-text-100 mt-2 -mb-1 text-base font-bold\"><span style=\"font-family: 'Albert Sans';\">El talento joven como motor de innovaci\u00f3n<\/span><\/h3>\n<p class=\"font-claude-response-body break-words whitespace-normal leading-[1.7]\"><span style=\"font-family: 'Albert Sans'; font-weight: normal;\">En un sector tan especializado como el nuestro, la formaci\u00f3n continua y la atracci\u00f3n de talento son estrat\u00e9gicas. Iniciativas como el Programa de J\u00f3venes Investigadores de la Comunidad de Madrid permiten que empresas como TSI puedan apostar por perfiles con formaci\u00f3n avanzada \u2014ingenieros, doctores, investigadores\u2014 y ofrecerles un entorno donde desarrollar su carrera en contacto directo con la industria real.<\/span><\/p>\n<p class=\"font-claude-response-body break-words whitespace-normal leading-[1.7]\"><span style=\"font-family: 'Albert Sans'; font-weight: normal;\">Creemos firmemente que la investigaci\u00f3n aplicada y la empresa no son mundos separados. En TSI conviven a diario.<\/span><\/p>\n<h3 class=\"text-text-100 mt-2 -mb-1 text-base font-bold\"><\/h3>\n<h3 class=\"text-text-100 mt-2 -mb-1 text-base font-bold\"><\/h3>\n<h3 class=\"text-text-100 mt-2 -mb-1 text-base font-bold\"><span style=\"font-family: 'Albert Sans';\">Comprometidos con Madrid, con la ingenier\u00eda y con las personas<\/span><\/h3>\n<p class=\"font-claude-response-body break-words whitespace-normal leading-[1.7]\"><span style=\"font-family: 'Albert Sans'; font-weight: normal;\">Este programa ha reforzado nuestro v\u00ednculo con el ecosistema innovador de la Comunidad de Madrid y con el compromiso de contribuir a un tejido industrial m\u00e1s competitivo, sostenible y tecnol\u00f3gicamente avanzado.<\/span><\/p>\n<p class=\"font-claude-response-body break-words whitespace-normal leading-[1.7]\"><span style=\"font-family: 'Albert Sans'; font-weight: normal;\">Si eres un joven ingeniero o investigador y quieres saber m\u00e1s sobre las oportunidades en TSI, no dudes en escribirnos:<\/span><\/p>\n<p class=\"font-claude-response-body break-words whitespace-normal leading-[1.7]\"><span style=\"font-family: 'Albert Sans'; font-weight: normal;\">\ud83d\udce7 <a class=\"underline underline underline-offset-2 decoration-1 decoration-current\/40 hover:decoration-current focus:decoration-current\" href=\"mailto:infotsi@tsisl.es\">infotsi@tsisl.es<\/a> \ud83d\udcde +34 913 459 730 \ud83c\udf10 <a class=\"underline underline underline-offset-2 decoration-1 decoration-current\/40 hover:decoration-current focus:decoration-current\" href=\"http:\/\/www.tsisl.es\/es\/empleo\">www.tsisl.es\/es\/empleo<\/a><\/span><\/p>\n<p class=\"font-claude-response-body break-words whitespace-normal leading-[1.7]\"><span style=\"font-family: 'Albert Sans'; font-weight: normal;\"><strong>En TSI, el conocimiento tiene futuro.<\/strong><\/span><\/p>\n<p><span style=\"font-family: 'Albert Sans'; font-weight: normal;\">Estaremos encantados de ayudarte, \u00a1Te esperamos!.<\/span><\/p>\n<p>[\/et_pb_text][\/et_pb_column][\/et_pb_row][\/et_pb_section]<\/p>\n<span class=\"et_bloom_bottom_trigger\"><\/span>","protected":false},"excerpt":{"rendered":"<p>TSI particip\u00f3 en el Programa de J\u00f3venes Investigadores 2024 de la Comunidad de Madrid. Un paso m\u00e1s en nuestro compromiso con la innovaci\u00f3n, la formaci\u00f3n y el futuro de la ingenier\u00eda espa\u00f1ola. \u00a1Ver m\u00e1s!<\/p>\n","protected":false},"author":4,"featured_media":43756,"comment_status":"open","ping_status":"closed","sticky":false,"template":"","format":"standard","meta":{"_et_pb_use_builder":"on","_et_pb_old_content":"<p data-start=\"105\" data-end=\"490\"><strong>\u00a1Aprovecha los descuentos del Black Friday (-10%) para formarte con nosotros! <img class=\"an1\" draggable=\"false\" src=\"https:\/\/fonts.gstatic.com\/s\/e\/notoemoji\/16.0\/1f44d\/32.png\" alt=\"\ud83d\udc4d\" width=\"17\" height=\"17\" data-emoji=\"\ud83d\udc4d\" aria-label=\"\ud83d\udc4d\" \/> El nuevo ciclo formativo de cursos especializados<\/strong> impartidos por <a href=\"http:\/\/www.tsisl.es\">TSI<\/a> dar\u00e1 comienzo el pr\u00f3ximo <strong data-start=\"199\" data-end=\"210\">febrero<\/strong> en nuestras oficinas centrales de Madrid, iniciando as\u00ed el cat\u00e1logo formativo previsto para este a\u00f1o 2026. El periodo de formaci\u00f3n se extender\u00e1 hasta el mes de noviembre, aunque disponemos de cursos adaptados que pueden impartirse en la fecha y ubicaci\u00f3n que el cliente necesite.<\/p><p data-start=\"492\" data-end=\"917\">Nuestros programas formativos ofrecen acceso directo al soporte experto de TSI, facilitando la resoluci\u00f3n de casos especiales y el desarrollo de propuestas ajustadas a las necesidades reales de cada proyecto. Adem\u00e1s, la realizaci\u00f3n de cualquiera de nuestros cursos contribuye de forma notable a mejorar la eficiencia del trabajo diario de los operadores y a incrementar la fiabilidad de las mediciones de vibraciones y ruido.<\/p><p data-start=\"492\" data-end=\"917\">Para el uso del descuento deber\u00e1s hablar con nuestro equipo comercial y seguir las siguientes indicaciones:<\/p><h3 class=\"default-heading3\" data-start=\"1933\" data-end=\"1968\"><strong data-start=\"1937\" data-end=\"1968\"><u>Condiciones de la promoci\u00f3n<\/u><\/strong><\/h3><p class=\"default\" data-start=\"1969\" data-end=\"2279\">\ud83d\uddd3\ufe0f Inscripciones realizadas entre el\u00a0<strong data-start=\"2007\" data-end=\"2055\">25 de noviembre y el 31 de diciembre de 2025<\/strong>.<br data-start=\"2056\" data-end=\"2059\" \/>\ud83d\udcc4 Ofertas enviadas a partir del\u00a0<strong data-start=\"2092\" data-end=\"2114\">1 de enero de 2025<\/strong>.<br data-start=\"2115\" data-end=\"2118\" \/>\u2705 Solo aplicable a\u00a0<strong data-start=\"2137\" data-end=\"2159\">formaci\u00f3n 100% TSI<\/strong>\u00a0(cursos est\u00e1ndar o personalizados).<br data-start=\"2195\" data-end=\"2198\" \/>\ud83d\udce3\u00a0<strong data-start=\"2201\" data-end=\"2279\">Esta promoci\u00f3n no es acumulable con descuentos ya ofertados.<\/strong><\/p><blockquote><p>Apuesta por procedimientos de mantenimiento predictivo frente a los enfoques preventivos y correctivos, reduciendo as\u00ed numerosos costes asociados.<\/p><\/blockquote><p><strong>La pr\u00f3xima convocatoria de primavera y las fechas previstas<\/strong> para su impartici\u00f3n son las siguientes:<\/p><ol><li><a href=\"https:\/\/tsisl.es\/es\/curso\/curso-de-cbm-mantenimiento-basado-en-condicion-en-buques\/\">Curso de CBM. Mantenimiento Basado en Condici\u00f3n en Buques<\/a>. 4 al 6 de Marzo de 2026<\/li><li><a href=\"https:\/\/tsisl.es\/es\/curso\/curso-de-vibraciones-en-motores-diesel-y-turbinas-de-gas\/\">Curso de Vibraciones en Motores Di\u00e9sel y Turbinas de Gas. <\/a>24 al 26 de Marzo de 2026<\/li><li><a href=\"https:\/\/tsisl.es\/es\/curso\/curso-de-mpa-y-monitorizacion-en-aerogeneradores\/\">Curso de MPA y Monitorizaci\u00f3n en Aerogeneradores<\/a>. 24 al 26 de Febrero de 2026<\/li><li><a href=\"https:\/\/tsisl.es\/es\/curso\/curso-de-mantenimiento-predictivo-de-averias-mpa\/\">Curso de Mantenimiento Predictivo de Aver\u00edas -MPA<\/a>. 7 al 9 de Abril de 2026<\/li><li><a href=\"https:\/\/tsisl.es\/es\/curso\/curso-de-vibraciones-y-ruido-en-buques\/\">Curso de Vibraciones, Ruido y Firma ac\u00fastica en Buques.\u00a0 <\/a>\u00a010 al 12 de Marzo de 2026<\/li><li><a href=\"https:\/\/tsisl.es\/es\/curso\/curso-de-averias-casos-practicos\/\">Curso de Aver\u00edas: Casos Pr\u00e1cticos.<\/a> \u00a014 al 16 de Abril de 2026<\/li><li><a href=\"https:\/\/tsisl.es\/es\/curso\/curso-de-vibraciones-y-analisis-de-averias-en-bombas\/\">Diagn\u00f3stico de Vibraciones y An\u00e1lisis de Aver\u00edas en Bombas.\u00a0<\/a> 22 al 24 de Abril de 2026.<\/li><\/ol><p>Como parte de nuestro cat\u00e1logo formativo contamos con las formaciones de Analista de Vibraciones categor\u00eda I, II y III del prestigioso Vibration Institute, cuyas fechas de realizaci\u00f3n son las siguientes*:<\/p><ul><li><a href=\"https:\/\/tsisl.es\/es\/curso\/analista-de-vibraciones-categoria-i-iso-18436-2\/\">Analista de Vibraciones Categor\u00eda I (ISO 18436-2).\u00a0<\/a>4 al 8 de Mayo de 2026<\/li><li><a href=\"https:\/\/tsisl.es\/es\/curso\/analista-de-vibraciones-categoria-ii-iso-18436-2\/\">Analista de Vibraciones Categor\u00eda II (ISO 18436-2).<\/a> 18 al 22 de Mayo de 2026<\/li><li><a href=\"https:\/\/tsisl.es\/es\/curso\/analista-de-vibraciones-categoria-iii-iso-18436-2\/\">Analista de Vibraciones Categor\u00eda III (ISO 18436-2).<\/a>\u00a0 25 al 29 de Mayo de 2026.<\/li><\/ul><p>*Es requisito indispensable avisar con antelaci\u00f3n necesaria para poder tramitar las altas a los cursos de Analista de Vibraciones categor\u00eda I, II y III.<\/p><p>Estos cursos est\u00e1n certificados por <a href=\"https:\/\/www.vi-institute.org\/\">Vibration Institute<\/a>\u00a0 y los participantes obtendr\u00e1n su certificado de realizaci\u00f3n. En ellos se reafirman los conocimientos te\u00f3ricos y pr\u00e1cticos para la verificaci\u00f3n del estado de maquinaria rotativa mediante el an\u00e1lisis de vibraciones; se profundiza en el procesamiento de se\u00f1ales, evaluaci\u00f3n y diagn\u00f3stico de maquinaria; y se ense\u00f1a c\u00f3mo detectar y diagnosticar los fallos mec\u00e1nicos m\u00e1s frecuentes mediante la medida, an\u00e1lisis y control de las vibraciones.<\/p><p>Si eres empresa, conseguir\u00e1s que tu personal t\u00e9cnico identifique las aver\u00edas con mayor anticipaci\u00f3n, con el consiguiente ahorro, y podr\u00e1n actuar de manera r\u00e1pida y aut\u00f3noma frente a situaciones previstas que se tratan en los cursos. Tambi\u00e9n se conseguir\u00e1 una disminuci\u00f3n significativa del stress de los equipos de mantenimiento, con un n\u00famero menor de paradas no programadas.<\/p><blockquote><p><strong>\u00a1Aprovecha este Black Friday! para especializarte de la mejor forma.<\/strong><\/p><\/blockquote><p><strong>Para m\u00e1s informaci\u00f3n<\/strong> sobre el itinerario formativo, precio y formalizaci\u00f3n de la matr\u00edcula, puede visitar el siguiente <a href=\"https:\/\/tsisl.es\/es\/formacion\/\">enlace<\/a>\u00a0o ponerse en contacto con nosotros mediante:<\/p><p><img class=\"an1\" draggable=\"false\" src=\"https:\/\/fonts.gstatic.com\/s\/e\/notoemoji\/16.0\/260e_fe0f\/32.png\" alt=\"\u260e\ufe0f\" width=\"19\" height=\"19\" data-emoji=\"\u260e\ufe0f\" aria-label=\"\u260e\ufe0f\" \/> Contacta con nosotros, v\u00eda email <strong>infotsi@tsisl.es<\/strong> o en el tel\u00e9fono <strong>(+34) 913 459 730<\/strong><\/p><p><img class=\"an1\" draggable=\"false\" src=\"https:\/\/fonts.gstatic.com\/s\/e\/notoemoji\/16.0\/1f6a9\/32.png\" alt=\"\ud83d\udea9\" width=\"19\" height=\"19\" data-emoji=\"\ud83d\udea9\" aria-label=\"\ud83d\udea9\" \/>Estamos en Avda. P\u00edo XII 44, Torre 2-Bajo izda. 28016 Madrid, Espa\u00f1a<\/p><p>Estaremos encantados de ayudarte, \u00a1te esperamos!<\/p><p>*Para la realizaci\u00f3n de los cursos es necesario contar con un n\u00famero m\u00ednimo de participantes.<\/p>","_et_gb_content_width":"","footnotes":""},"categories":[9],"tags":[602,600,601,35],"class_list":["post-43749","post","type-post","status-publish","format-standard","has-post-thumbnail","hentry","category-noticias","tag-comunidad-de-madrid","tag-jovenes","tag-programa","tag-tsi"],"aioseo_notices":[],"_links":{"self":[{"href":"https:\/\/tsisl.es\/es\/wp-json\/wp\/v2\/posts\/43749","targetHints":{"allow":["GET"]}}],"collection":[{"href":"https:\/\/tsisl.es\/es\/wp-json\/wp\/v2\/posts"}],"about":[{"href":"https:\/\/tsisl.es\/es\/wp-json\/wp\/v2\/types\/post"}],"author":[{"embeddable":true,"href":"https:\/\/tsisl.es\/es\/wp-json\/wp\/v2\/users\/4"}],"replies":[{"embeddable":true,"href":"https:\/\/tsisl.es\/es\/wp-json\/wp\/v2\/comments?post=43749"}],"version-history":[{"count":6,"href":"https:\/\/tsisl.es\/es\/wp-json\/wp\/v2\/posts\/43749\/revisions"}],"predecessor-version":[{"id":43763,"href":"https:\/\/tsisl.es\/es\/wp-json\/wp\/v2\/posts\/43749\/revisions\/43763"}],"wp:featuredmedia":[{"embeddable":true,"href":"https:\/\/tsisl.es\/es\/wp-json\/wp\/v2\/media\/43756"}],"wp:attachment":[{"href":"https:\/\/tsisl.es\/es\/wp-json\/wp\/v2\/media?parent=43749"}],"wp:term":[{"taxonomy":"category","embeddable":true,"href":"https:\/\/tsisl.es\/es\/wp-json\/wp\/v2\/categories?post=43749"},{"taxonomy":"post_tag","embeddable":true,"href":"https:\/\/tsisl.es\/es\/wp-json\/wp\/v2\/tags?post=43749"}],"curies":[{"name":"wp","href":"https:\/\/api.w.org\/{rel}","templated":true}]}}