{"id":139,"date":"2013-05-10T14:44:05","date_gmt":"2013-05-10T14:44:05","guid":{"rendered":"https:\/\/tsisl.magicalwebstudio.com\/index.php\/2013\/05\/10\/cidin-2013-3o-congreso-internacional-de-diseno-e-ingenieria-naval-destacada-participacion-del-sector-maritimo-espanol-2\/"},"modified":"2022-04-11T13:57:59","modified_gmt":"2022-04-11T11:57:59","slug":"cidin-2013-3o-congreso-internacional-de-diseno-e-ingenieria-naval-destacada-participacion-del-sector-maritimo-espanol-2","status":"publish","type":"post","link":"https:\/\/tsisl.es\/es\/2013\/05\/cidin-2013-3o-congreso-internacional-de-diseno-e-ingenieria-naval-destacada-participacion-del-sector-maritimo-espanol-2\/","title":{"rendered":"CIDIN 2013 &#8211; 3\u00ba Congreso Internacional de Dise\u00f1o e Ingenier\u00eda Naval. Destacada participaci\u00f3n del Sector Mar\u00edtimo Espa\u00f1ol."},"content":{"rendered":"<p style=\"text-align: justify;\">Organizado por COTECMAR y dentro del marco de la VI Feria de COLOMBIAMAR2013, entre los d\u00edas <em>13 al 15 de Marzo de 2013 <\/em>ha tenido lugar, en el inigualable escenario de la ciudad de Cartagena de Indias (Colombia), el 3\u00ba Congreso Internacional de Dise\u00f1o e Ingenier\u00eda Naval CIDIN2013 que ha contado con la participaci\u00f3n un selecto grupo de compa\u00f1\u00edas nacionales e internacionales. Entre las empresas extranjeras participantes, ha sido destacable la participaci\u00f3n, tanto en los aspectos acad\u00e9micos como en la Exposici\u00f3n, de un selecto grupo de empresas espa\u00f1olas representativas del Sector Mar\u00edtimo Espa\u00f1ol.<\/p>\n<p style=\"text-align: justify;\">La representaci\u00f3n empresarial espa\u00f1ola, m\u00e1s amplia que en las ediciones precedentes, ha contado con la participaci\u00f3n de <em>SAES<\/em>, representada por su director D. Antonio Cordero, del <em>BUREAU VERITAS Espa\u00f1a<\/em>, representada por su Director Principal D. Luis Guerrero; de GABADI, representada por su Director General D. Antonio Llago, SIKA-SPAIN, representada por D. Oscar Ovejero, y por <em>TSI-T\u00e9cnicas y Servicios de Ingenier\u00eda, S.L<\/em>., representada por su Director General D. Publio Beltr\u00e1n Palomo.<\/p>\n<p style=\"text-align: justify;\">Tanto la Feria como el Congreso han tenido como escenario el Centro de Convenciones y Exposiciones \u201cJulio Cesar Turbay Ayala\u201d de Cartagena de Indias. Los objetivos de la feria son el buscar y\u00a0 contribuir a la integraci\u00f3n empresarial del sector de la construcci\u00f3n y reparaci\u00f3n naval a un mercado \u00e1vido de desarrollo y crecimiento, en la regi\u00f3n del Caribe Latinoamericano, facilitando oportunidades de negocios para los principales fabricantes, representantes, empresarios y distribuidores nacionales e internacionales de bienes y\/o servicios relacionados a la industria.<\/p>\n<p style=\"text-align: justify;\">Con tal finalidad se han dado cita en este evento un selecto grupo de compa\u00f1\u00edas Nacionales e Internacionales dedicadas a la construcci\u00f3n, dise\u00f1o y reparaci\u00f3n del sector Naval, Mar\u00edtimo, Fluvial, con el prop\u00f3sito de generar sinergias a trav\u00e9s de la apropiaci\u00f3n de conocimientos, contribuyendo al desarrollo de los intereses mar\u00edtimos del pa\u00eds.<\/p>\n<p style=\"text-align: justify;\">Paralelo a la Feria se desarroll\u00f3, en el marco Acad\u00e9mico, el III Congreso\u00a0Internacional de Dise\u00f1o e Ingenier\u00eda Naval \u201cCIDIN 2013\u2033 evento de divulgaci\u00f3n cient\u00edfica de periodicidad bianual donde su misi\u00f3n es servir de espacio para el encuentro de profesionales dedicados a la investigaci\u00f3n, el desarrollo y la innovaci\u00f3n en temas afines a la Arquitectura e Ingenier\u00eda Naval, con el objetivo de divulgar los resultados de trabajos de car\u00e1cter cient\u00edfico realizados en estas \u00e1reas y de esta forma promover la industria naval, mar\u00edtima y fluvial en Colombia.<\/p>\n<p style=\"text-align: justify;\">Bajo el lema: <em>\u201cHacia el fortalecimiento de las capacidades tecnol\u00f3gicas para el desarrollo del Poder Mar\u00edtimo Nacional- Plataforma Estrat\u00e9gica de Superficie (PES), <\/em>se han definido tres grandes ejes tem\u00e1ticos para la presentaci\u00f3n de trabajos: Dise\u00f1o, Tecnolog\u00eda y Construcci\u00f3n de buques; Sistemas de n\u00facleo en buques y Sistemas de Combate, y Productividad y competitividad en el sector naval.<\/p>\n<p style=\"text-align: justify;\">De la importancia estrat\u00e9gica que Colombia pretende para su sector mar\u00edtimo en los pr\u00f3ximos veinte a\u00f1os, da buena cuenta la presencia, en la inauguraci\u00f3n del Congreso, del Ilmo. Sr.\u00a0\u00a0 Ministro de Defensa, D. Juan Carlos Pinz\u00f3n y de toda la alta jefatura de las Fuerzas Armadas Colombianas. En su brillante discurso inaugural, y tras reconocer que Colombia con 2.900 de costa en dos Oc\u00e9anos y m\u00e1s de 14.00 Km de r\u00edos navegables, hab\u00eda dado su espalda al mar, destac\u00f3 el importante papel que la Armada Colombiana est\u00e1 desarrollando en la lucha contra el narcotr\u00e1fico y, en consecuencia, en la consolidaci\u00f3n del pa\u00eds. Tras la presentaci\u00f3n del PES-Plan Estrat\u00e9gico de Superficie, dejo clara constancia de la voluntad de su g Gobierno de convertir a Colombia en una potencia mar\u00edtima del cono sur. Tras su visita a la Feria, tuvo la gentileza de departir y animar, a las empresas espa\u00f1olas all\u00ed presentes, a cooperar en tan ambicioso programa, bas\u00e1ndonos en nuestra rica historia com\u00fan.<\/p>\n<p style=\"text-align: justify;\">Dentro del marco del Programa Acad\u00e9mico, por parte espa\u00f1ola, D. Luis Guerrero, Director Principal para Espa\u00f1a del BUREAU VERITAS present\u00f3 la conferencia titulada <em>\u201cEnergy Efficiency: an oportunity for research and improvement\u201d. <\/em>En ella, y bas\u00e1ndose en la\u00a0 gran experiencia desarrollada por el BV en la clasificaci\u00f3n de buques militares, tras un repaso del Marco Regulatorio relativo a Emisiones de Gases, se hizo especial hincapi\u00e9 en la importancia de la eficiencia energ\u00e9tica en los nuevos buques, tanto civiles como militares.<\/p>\n<p style=\"text-align: justify;\">Adolfo Hern\u00e1ndez, en representaci\u00f3n de SAES, presento la conferencia titulada <em>\u201cUnderwater multiinfluence measurments as a mean to characterize the overall vessel signature and protect the marine environment\u201d<\/em>, en la que se puso de relieve la importancia del control de la firma ac\u00fastica, el\u00e9ctrica y electromagn\u00e9tica, de los buques, no solo desde un punto de vista estrat\u00e9gico (buques militares), sino desde el punto de vista de protecci\u00f3n y mantenimiento del medio y fauna marina.<\/p>\n<p style=\"text-align: justify;\">Por parte de D. Publio Beltr\u00e1n Palomo en representaci\u00f3n de TSI-T\u00e9cnicas y Servicios de Ingenier\u00eda, S.L., se present\u00f3 la conferencia titulada <em>\u201cThe most recent Noise &amp; Vibration Assessment of the European Fleet, within the framework of SILENV Project\u201d<\/em>. En la misma, y tras una introducci\u00f3n de las nuevas regulaciones y Directivas Comunitarias en lo referente a Ruidos y Vibraciones a bordo de los buques, Ruido radiado a los puertos y Ruido Radiado al Agua, que est\u00e1n suponiendo significativas modificaciones en los dise\u00f1os de los buques, y en consecuencia en los precios de\u00a0 los mismos, se presentaron los resultados de la Evaluaci\u00f3n de la m\u00e1s moderna y reciente Base de Datos de Ruidos y Vibraciones correspondiente a 171 buques, y generada dentro del marco del Proyecto SILENV. Informaci\u00f3n de gran inter\u00e9s y como Gu\u00eda de Dise\u00f1o practica para responder a los nuevos requerimientos de construcci\u00f3n de \u201cBuques Silenciosos\u201d o de bajo impacto ambiental.<\/p>\n<p style=\"text-align: justify;\">Por \u00faltimo, y dentro del apartado de Sesiones T\u00e9cnicas, que se ofrecen a las empresas participantes en la Feria, por parte de SIKA-GABAD-TSI, se present\u00f3 la Conferencia-Seminario con el t\u00edtulo <em>\u201cNoise in ships. Technical, Insualtion and Enpowerment Solutions\u201d.<\/em> En dicha sesi\u00f3n, que cont\u00f3 con una destacada participaci\u00f3n de los ingenieros de Dise\u00f1o de COTECMAR, se presentaron las capacidades de este grupo de empresas para ofrecer <em>\u201cSoluciones Ac\u00fasticas Integrales\u201d<\/em> para los buques.<\/p>\n<p style=\"text-align: justify;\">Menci\u00f3n especial en el 3\u00ba Congreso Internacional de Dise\u00f1o e Ingenier\u00eda Naval ha merecido la excelente aceptaci\u00f3n y acogida con la que se ha recibido a la delegaci\u00f3n de empresas e instituciones espa\u00f1olas. Se pone as\u00ed de manifiesto la gran importancia de que en Sector Mar\u00edtimo Espa\u00f1ol, con su dilatada experiencia, est\u00e9 presente en esta serie de eventos que permitir\u00e1n, sin lugar a dudas, establecer v\u00ednculos m\u00e1s estrechos de colaboraci\u00f3n con los pa\u00edses latinoamericanos en los que la Construcci\u00f3n Naval, actualmente, est\u00e1 mostrando claros s\u00edntomas de un crecimiento espectacular en los pr\u00f3ximos lustros.<\/p>\n<p style=\"text-align: justify;\"><a href=\"https:\/\/tsisl.es\/31\"><img loading=\"lazy\" decoding=\"async\" class=\"aligncenter wp-image-11979\" src=\"https:\/\/tsisl.es\/wp-content\/uploads\/2021\/08\/N_55_2-300x80.jpg\" alt=\"CIDIN 2013 - 3\u00ba Congreso Internacional de Dise\u00f1o e Ingeneir\u00eda Naval\" width=\"386\" height=\"103\" \/><\/a><\/p>\n<span class=\"et_bloom_bottom_trigger\"><\/span>","protected":false},"excerpt":{"rendered":"<p>Organizado por COTECMAR y dentro del marco de la VI Feria de COLOMBIAMAR2013, entre los d\u00edas 13 al 15 de Marzo de 2013 ha tenido lugar, en el inigualable escenario de la ciudad de Cartagena de Indias (Colombia), el 3\u00ba Congreso Internacional de Dise\u00f1o e Ingenier\u00eda Naval CIDIN2013 que ha contado con la participaci\u00f3n un [&hellip;]<\/p>\n","protected":false},"author":3,"featured_media":1278,"comment_status":"open","ping_status":"closed","sticky":false,"template":"","format":"standard","meta":{"_et_pb_use_builder":"","_et_pb_old_content":"","_et_gb_content_width":"","footnotes":""},"categories":[15,9],"tags":[],"class_list":["post-139","post","type-post","status-publish","format-standard","has-post-thumbnail","hentry","category-naval","category-noticias"],"aioseo_notices":[],"_links":{"self":[{"href":"https:\/\/tsisl.es\/es\/wp-json\/wp\/v2\/posts\/139","targetHints":{"allow":["GET"]}}],"collection":[{"href":"https:\/\/tsisl.es\/es\/wp-json\/wp\/v2\/posts"}],"about":[{"href":"https:\/\/tsisl.es\/es\/wp-json\/wp\/v2\/types\/post"}],"author":[{"embeddable":true,"href":"https:\/\/tsisl.es\/es\/wp-json\/wp\/v2\/users\/3"}],"replies":[{"embeddable":true,"href":"https:\/\/tsisl.es\/es\/wp-json\/wp\/v2\/comments?post=139"}],"version-history":[{"count":3,"href":"https:\/\/tsisl.es\/es\/wp-json\/wp\/v2\/posts\/139\/revisions"}],"predecessor-version":[{"id":36469,"href":"https:\/\/tsisl.es\/es\/wp-json\/wp\/v2\/posts\/139\/revisions\/36469"}],"wp:featuredmedia":[{"embeddable":true,"href":"https:\/\/tsisl.es\/es\/wp-json\/wp\/v2\/media\/1278"}],"wp:attachment":[{"href":"https:\/\/tsisl.es\/es\/wp-json\/wp\/v2\/media?parent=139"}],"wp:term":[{"taxonomy":"category","embeddable":true,"href":"https:\/\/tsisl.es\/es\/wp-json\/wp\/v2\/categories?post=139"},{"taxonomy":"post_tag","embeddable":true,"href":"https:\/\/tsisl.es\/es\/wp-json\/wp\/v2\/tags?post=139"}],"curies":[{"name":"wp","href":"https:\/\/api.w.org\/{rel}","templated":true}]}}