{"id":1094,"date":"2020-09-17T17:10:06","date_gmt":"2020-09-17T17:10:06","guid":{"rendered":"https:\/\/tsisl.magicalwebstudio.com\/index.php\/2020\/09\/17\/tsi-mantenimiento-sector-maritimo\/"},"modified":"2022-02-24T11:01:04","modified_gmt":"2022-02-24T10:01:04","slug":"tsi-mantenimiento-sector-maritimo","status":"publish","type":"post","link":"https:\/\/tsisl.es\/es\/2020\/09\/tsi-mantenimiento-sector-maritimo\/","title":{"rendered":"TSI S.L.- presentar\u00e1: Mantenimiento 4.0 en el sector mar\u00edtimo"},"content":{"rendered":" <h3 class=\"wp-block-heading\"><span style=\"color:#041e42\" class=\"has-inline-color\">TSI- T\u00e9cnicas y Servicios de Ingenier\u00eda S.L.- presentar\u00e1 su conferencia: Mantenimiento 4.0 en el sector mar\u00edtimo de la mano de su fundador y Director General D. Publio Beltr\u00e1n<\/span><\/h3>    <p>Nos alegra informar que <strong><a href=\"https:\/\/tsisl.es\/143\"><span style=\"color:#041e42\" class=\"has-inline-color\">TSI &#8211; T\u00e9cnicas y Servicios de Ingenier\u00eda S.L.-<\/span><\/a><\/strong>, de la mano de su fundador y Director General<a href=\"https:\/\/tsisl.es\/71\"> <strong><span style=\"color:#041e42\" class=\"has-inline-color\">D. Publio Beltr\u00e1n,<\/span><\/strong><\/a><br>presentar\u00e1 su conferencia bajo el t\u00edtulo: <em><span style=\"color:#041e42\" class=\"has-inline-color\">\u00abMantenimiento 4.0 en el Sector Mar\u00edtimo\u00bb<\/span>.<\/em><\/p>    <p>Durante los pr\u00f3ximos d\u00edas 20 y 21 de octubre del 2020, en el evento virtual organizado por la <strong><a href=\"https:\/\/tsisl.es\/177\"><span style=\"color:#041e42\" class=\"has-inline-color\">Asociaci\u00f3n Espa\u00f1ola de Mantenimiento -AEM-<\/span> <\/a><\/strong>denominado <em>16as JORNADAS de FIABILIDAD en el SECTOR del TRANSPORTE y la LOG\u00cdSTICA.<\/em><br>En estas jornadas, las personalidades y entidades involucradas expondr\u00e1n sus puntos de vista particulares y abordar\u00e1n cuestiones como:<\/p>    <ul class=\"wp-block-list\"><li>\u00bfEstamos preparados para el mantenimiento 4.0?<\/li><li>\u00bfCu\u00e1les son las principales debilidades que tenemos?<\/li><li>Nuestros contratistas tienen claro el reto que conlleva<\/li><\/ul>    <p>Conoce m\u00e1s sobre nuestro departamento de <strong><a href=\"https:\/\/tsisl.es\/135\"><span style=\"color:#041e42\" class=\"has-inline-color\">Mantenimiento 4.0 en el Sector Maritimo<\/span><\/a><\/strong><\/p> <span class=\"et_bloom_bottom_trigger\"><\/span>","protected":false},"excerpt":{"rendered":"<p>TSI- T\u00e9cnicas y Servicios de Ingenier\u00eda S.L.- presentar\u00e1 su conferencia: Mantenimiento 4.0 en el sector mar\u00edtimo de la mano de su fundador y Director General D. Publio Beltr\u00e1n Nos alegra informar que TSI &#8211; T\u00e9cnicas y Servicios de Ingenier\u00eda S.L.-, de la mano de su fundador y Director General D. Publio Beltr\u00e1n,presentar\u00e1 su conferencia bajo [&hellip;]<\/p>\n","protected":false},"author":3,"featured_media":1095,"comment_status":"open","ping_status":"closed","sticky":false,"template":"","format":"standard","meta":{"_et_pb_use_builder":"","_et_pb_old_content":"","_et_gb_content_width":"","footnotes":""},"categories":[17,15,9],"tags":[],"class_list":["post-1094","post","type-post","status-publish","format-standard","has-post-thumbnail","hentry","category-idi","category-naval","category-noticias"],"aioseo_notices":[],"_links":{"self":[{"href":"https:\/\/tsisl.es\/es\/wp-json\/wp\/v2\/posts\/1094","targetHints":{"allow":["GET"]}}],"collection":[{"href":"https:\/\/tsisl.es\/es\/wp-json\/wp\/v2\/posts"}],"about":[{"href":"https:\/\/tsisl.es\/es\/wp-json\/wp\/v2\/types\/post"}],"author":[{"embeddable":true,"href":"https:\/\/tsisl.es\/es\/wp-json\/wp\/v2\/users\/3"}],"replies":[{"embeddable":true,"href":"https:\/\/tsisl.es\/es\/wp-json\/wp\/v2\/comments?post=1094"}],"version-history":[{"count":1,"href":"https:\/\/tsisl.es\/es\/wp-json\/wp\/v2\/posts\/1094\/revisions"}],"predecessor-version":[{"id":35299,"href":"https:\/\/tsisl.es\/es\/wp-json\/wp\/v2\/posts\/1094\/revisions\/35299"}],"wp:featuredmedia":[{"embeddable":true,"href":"https:\/\/tsisl.es\/es\/wp-json\/wp\/v2\/media\/1095"}],"wp:attachment":[{"href":"https:\/\/tsisl.es\/es\/wp-json\/wp\/v2\/media?parent=1094"}],"wp:term":[{"taxonomy":"category","embeddable":true,"href":"https:\/\/tsisl.es\/es\/wp-json\/wp\/v2\/categories?post=1094"},{"taxonomy":"post_tag","embeddable":true,"href":"https:\/\/tsisl.es\/es\/wp-json\/wp\/v2\/tags?post=1094"}],"curies":[{"name":"wp","href":"https:\/\/api.w.org\/{rel}","templated":true}]}}